{"id":45470,"date":"2025-12-08T11:14:36","date_gmt":"2025-12-08T08:14:36","guid":{"rendered":"https:\/\/www.kezdi.ro\/stiri\/karacsonyi-gyermekvaros-2025-reszletes-program\/"},"modified":"2025-12-17T15:20:48","modified_gmt":"2025-12-17T12:20:48","slug":"oraselul-lui-mos-craciun-2025-program-complet","status":"publish","type":"post","link":"https:\/\/www.kezdi.ro\/ro\/stiri\/oraselul-lui-mos-craciun-2025-program-complet\/","title":{"rendered":"Or\u0103\u0219elul lui Mo\u0219 Cr\u0103ciun 2025 * program complet"},"content":{"rendered":"<p>\u00cenainte de Cr\u0103ciun, se redeschid por\u021bile Or\u0103\u0219elului lui Mo\u0219 Cr\u0103ciun, ora\u0219ul de basm al ora\u0219ului T\u00e2rgu Secuiesc. Vino \u00eempreun\u0103 cu copilul t\u0103u \u00een parcul W. Wegener \u00eentre 18 \u0219i 19 decembrie, iar noi v\u0103 vom umple timpul cu programe atractive. Col\u021bul lui Mo\u0219 Cr\u0103ciun, t\u00e2rg de Cr\u0103ciun, jocuri \u00een aer liber \u0219i concerte, un Betleem viu \u0219i multe surprize v\u0103 a\u0219teapt\u0103.<\/p>\n<p>&nbsp;<\/p>\n<p><strong>Program complet:<\/strong><\/p>\n<p>&nbsp;<\/p>\n<p><strong><u>Joi, 18 decembrie 2025<\/u><\/strong><\/p>\n<p>17:30&nbsp; <strong>Colind\u0103m, colind\u0103m iarna<\/strong> &#8211; grupele rom\u00e2ne din gr\u0103dini\u0163a \u201eCsipker\u00f3zsika\u201d, \u201eBambi\u201d \u015fi \u201eMan\u00f3cska\u201d<\/p>\n<p>18:00 Programul de s\u0103rb\u0103tori a \u0219colii generale \u201e<strong>Tur\u00f3czi M\u00f3zes<\/strong>\u201d<\/p>\n<p>19:00 Corul de copii \u0219i adul\u021bi a bisericii \u201e<strong>Boldog \u00d6zs\u00e9b<\/strong>\u201d<\/p>\n<p>19:30 Trupa <strong>MetroLine<\/strong> \u2013 miniconcert de Cr\u0103ciun<\/p>\n<p>&nbsp;<\/p>\n<p><strong><u>Vineri, 19 decembrie 2025<\/u><\/strong><\/p>\n<p>17:30 \u201e<strong>MAN\u00d3DALODA<\/strong>\u201d \u2013 corul de copii a gr\u0103dini\u021bei \u201eMan\u00f3cska\u201d<\/p>\n<p>18:00 Trupa <strong>Neogitar-Alfa<\/strong> \u2013 miniconcert de Cr\u0103ciun<\/p>\n<p>18:30 Trupa <strong>Silverliver<\/strong> \u2013 miniconcert de Cr\u0103ciun<\/p>\n<p>19:00 <strong>VOCES<\/strong> \u2013 concert de Cr\u0103ciun<\/p>\n<p>19:45 <strong>Binecuv\u00e2ntarea \u0219i \u00eemp\u0103rt\u0103\u0219irea luminii din Betleem <\/strong><\/p>\n<p>&nbsp;<\/p>\n<p><strong>Programe permanente<\/strong><\/p>\n<p>&nbsp;<\/p>\n<p><strong>18:00-20:00<\/strong><\/p>\n<p>T\u00e2rg de Cr\u0103ciun<\/p>\n<p>Plimb\u0103ri cu sania tras\u0103 de cai<\/p>\n<p>Betleemul viu<\/p>\n<p>Petting Zoo<\/p>\n<p>C\u0103l\u0103tore\u0219te cu trenule\u021bul<\/p>\n<p>Col\u021b de tragere organizat de KSE Bik\u00e1k<\/p>\n<p>Activit\u0103\u021bi cu mingea organizate de sec\u021bia de fotbal KSE<\/p>\n<p>Activit\u0103\u021bi pentru familii organizate de Asocia\u021bia Soare Verde<\/p>\n<p>&nbsp;<\/p>\n<p><strong>18:30-19:30<\/strong><\/p>\n<p>\u00cent\u00e2lne\u0219te-te cu Mo\u0219 Cr\u0103ciun!<\/p>\n<p>&nbsp;<\/p>\n<p>Evenimentul este organizat de Prim\u0103ria Municipiului T\u00e2rgu Secuiesc, Asocia\u021bia Wegener Pro Sanitate \u0219i Asocia\u021bia pentru Protec\u021bia Animalelor &#8220;Benji&#8221;.&nbsp;<\/p>\n","protected":false},"excerpt":{"rendered":"<p>\u00cenainte de Cr\u0103ciun, se redeschid por\u021bile Or\u0103\u0219elului lui Mo\u0219 Cr\u0103ciun, ora\u0219ul de basm al ora\u0219ului T\u00e2rgu Secuiesc. Vino \u00eempreun\u0103 cu copilul t\u0103u \u00een parcul W. Wegener \u00eentre 18 \u0219i 19 decembrie, iar noi v\u0103 vom umple timpul cu programe atractive. Col\u021bul lui Mo\u0219 Cr\u0103ciun, t\u00e2rg de Cr\u0103ciun, jocuri \u00een aer liber \u0219i concerte, un Betleem viu \u0219i multe surprize v\u0103 a\u0219teapt\u0103.<\/p>\n","protected":false},"author":2,"featured_media":45410,"comment_status":"closed","ping_status":"open","sticky":false,"template":"","format":"standard","meta":{"ngg_post_thumbnail":0,"footnotes":""},"categories":[46,44,41],"tags":[],"class_list":["post-45470","post","type-post","status-publish","format-standard","has-post-thumbnail","hentry","category-cultura","category-stirea-principala","category-stiri"],"_links":{"self":[{"href":"https:\/\/www.kezdi.ro\/ro\/wp-json\/wp\/v2\/posts\/45470\/"}],"collection":[{"href":"https:\/\/www.kezdi.ro\/ro\/wp-json\/wp\/v2\/posts\/"}],"about":[{"href":"https:\/\/www.kezdi.ro\/ro\/wp-json\/wp\/v2\/types\/post\/"}],"author":[{"embeddable":true,"href":"https:\/\/www.kezdi.ro\/ro\/wp-json\/wp\/v2\/users\/2\/"}],"replies":[{"embeddable":true,"href":"https:\/\/www.kezdi.ro\/ro\/wp-json\/wp\/v2\/comments\/?post=45470"}],"version-history":[{"count":3,"href":"https:\/\/www.kezdi.ro\/ro\/wp-json\/wp\/v2\/posts\/45470\/revisions\/"}],"predecessor-version":[{"id":45514,"href":"https:\/\/www.kezdi.ro\/ro\/wp-json\/wp\/v2\/posts\/45470\/revisions\/45514\/"}],"wp:featuredmedia":[{"embeddable":true,"href":"https:\/\/www.kezdi.ro\/ro\/wp-json\/wp\/v2\/media\/45410\/"}],"wp:attachment":[{"href":"https:\/\/www.kezdi.ro\/ro\/wp-json\/wp\/v2\/media\/?parent=45470"}],"wp:term":[{"taxonomy":"category","embeddable":true,"href":"https:\/\/www.kezdi.ro\/ro\/wp-json\/wp\/v2\/categories\/?post=45470"},{"taxonomy":"post_tag","embeddable":true,"href":"https:\/\/www.kezdi.ro\/ro\/wp-json\/wp\/v2\/tags\/?post=45470"}],"curies":[{"name":"wp","href":"https:\/\/api.w.org\/{rel}","templated":true}]}}