{"id":35709,"date":"2020-03-17T10:07:04","date_gmt":"2020-03-17T10:07:04","guid":{"rendered":"http:\/\/www.kezdi.ro\/?p=35709"},"modified":"2020-03-23T12:29:00","modified_gmt":"2020-03-23T12:29:00","slug":"comunicatul-directiei-de-asistenta-sociala","status":"publish","type":"post","link":"https:\/\/www.kezdi.ro\/ro\/stiri\/comunicatul-directiei-de-asistenta-sociala\/","title":{"rendered":"Comunicatul Direc\u021biei de Asisten\u021b\u0103 Social\u0103"},"content":{"rendered":"<p style=\"text-align: justify\">\u00cencep\u00e2nd cu data de 17.03.2020 p\u00e2n\u0103 la \u00eencetarea st\u0103rii de urgen\u021b\u0103, DAS T\u00e2rgu Secuiesc suspend\u0103 programul de lucru cu publicul la Compartimentul de asisten\u021b\u0103 persoane v\u00e2rstnice \u0219i cu dizabilit\u0103\u021bi \u0219i Compartimentul de presta\u021bii sociale, precum \u0219i activitatea de preluare fizic\u0103, a documentelor necesare pentru evaluarea\/reevaluarea copilului\/adultului \u00een vederea \u00eencadr\u0103rii \u00een grad de handicap \u0219i a documentele necesare pentru ob\u021binerea beneficiilor acordate persoanelor \u00eencadrate \u00een grad de handicap.<\/p>\n<p style=\"text-align: justify\">&nbsp;<\/p>\n<p style=\"text-align: justify\">Deasemenea \u00eencep\u00e2nd cu data de 17.03.2020&nbsp; se suspend\u0103 activitatea de preluare fizic\u0103, a documentelor necesare acord\u0103rii indemniza\u021biei de cre\u0219tere a copilului \u0219i a aloca\u021biei de stat pentru copii precum \u0219i a acord\u0103rii tuturor beneficiilor sau altor presta\u021bii sociale.<\/p>\n<p style=\"text-align: justify\">&nbsp;<\/p>\n<p style=\"text-align: justify\">\u00cencep\u00e2nd cu data de 17.03.2020 se suspend\u0103 toate avtivit\u0103\u021bile \u00een s\u0103lile de mese al Cantinei Sociale a municipiului T\u00e2rgu Secuiesc. Beneficiarilor presta\u021biei Cantinei sociale se va distribui hrana exclusiv la pachet.<\/p>\n<p style=\"text-align: justify\">&nbsp;<\/p>\n<p style=\"text-align: justify\">Formularele tipizate pentru presta\u021bii sociale pot fi desc\u0103rcate de pe site-ul Prim\u0103riei municipiului T\u00e2rgu Secuiesc <a href=\"http:\/\/www.kezdi.ro\">www.kezdi.ro<\/a>. Link: <a href=\"https:\/\/www.kezdi.ro\/ro\/directia-de-asistenta-sociala\/\">https:\/\/www.kezdi.ro\/ro\/directia-de-asistenta-sociala\/<\/a><\/p>\n<p style=\"text-align: justify\">&nbsp;<\/p>\n<p style=\"text-align: justify\">Formularele completate \u0219i documentele necesare se pot transmite prin e-mail, la urm\u0103toarele adrese: <a href=\"mailto:spas.targusecuiesc@gmail.com\">spas.targusecuiesc@gmail.com<\/a>, <a href=\"mailto:erzsebet.szabo@kezdi.ro\">erzsebet.szabo@kezdi.ro<\/a>.<\/p>\n<p style=\"text-align: justify\">&nbsp;<\/p>\n<p style=\"text-align: justify\">De asemenea, comunic\u0103m faptul c\u0103 orice sesizare, peti\u021bie, reclama\u021bie, semnalarea de situa\u021bii de urgen\u021b\u0103 sau solicitarea de informa\u021bii, l\u0103muriri se realizeaz\u0103 telefonic de luni p\u00e2n\u0103 vineri \u00eentre orele 8.00 \u2013 16.00, la numerele de telefon 0267 361 974 int. 114, prin fax 0267 361 652, sau electronic la adresa <a href=\"mailto:spas.targusecuiesc@gmail.com\">spas.targusecuiesc@gmail.com<\/a>.<\/p>\n","protected":false},"excerpt":{"rendered":"<p>\u00cencep\u00e2nd cu data de 17.03.2020 p\u00e2n\u0103 la \u00eencetarea st\u0103rii de urgen\u021b\u0103, DAS T\u00e2rgu Secuiesc suspend\u0103 programul de lucru cu publicul la Compartimentul de asisten\u021b\u0103 persoane v\u00e2rstnice \u0219i cu dizabilit\u0103\u021bi \u0219i Compartimentul de presta\u021bii sociale, precum \u0219i activitatea de preluare fizic\u0103, a documentelor necesare pentru evaluarea\/reevaluarea copilului\/adultului \u00een vederea \u00eencadr\u0103rii \u00een grad de handicap \u0219i a documentele necesare pentru ob\u021binerea beneficiilor acordate persoanelor \u00eencadrate \u00een grad de handicap.<\/p>\n","protected":false},"author":2,"featured_media":35707,"comment_status":"closed","ping_status":"open","sticky":false,"template":"","format":"standard","meta":{"ngg_post_thumbnail":0,"footnotes":""},"categories":[41,45],"tags":[],"class_list":["post-35709","post","type-post","status-publish","format-standard","has-post-thumbnail","hentry","category-stiri","category-viata-publica"],"_links":{"self":[{"href":"https:\/\/www.kezdi.ro\/ro\/wp-json\/wp\/v2\/posts\/35709\/"}],"collection":[{"href":"https:\/\/www.kezdi.ro\/ro\/wp-json\/wp\/v2\/posts\/"}],"about":[{"href":"https:\/\/www.kezdi.ro\/ro\/wp-json\/wp\/v2\/types\/post\/"}],"author":[{"embeddable":true,"href":"https:\/\/www.kezdi.ro\/ro\/wp-json\/wp\/v2\/users\/2\/"}],"replies":[{"embeddable":true,"href":"https:\/\/www.kezdi.ro\/ro\/wp-json\/wp\/v2\/comments\/?post=35709"}],"version-history":[{"count":3,"href":"https:\/\/www.kezdi.ro\/ro\/wp-json\/wp\/v2\/posts\/35709\/revisions\/"}],"predecessor-version":[{"id":35778,"href":"https:\/\/www.kezdi.ro\/ro\/wp-json\/wp\/v2\/posts\/35709\/revisions\/35778\/"}],"wp:featuredmedia":[{"embeddable":true,"href":"https:\/\/www.kezdi.ro\/ro\/wp-json\/wp\/v2\/media\/35707\/"}],"wp:attachment":[{"href":"https:\/\/www.kezdi.ro\/ro\/wp-json\/wp\/v2\/media\/?parent=35709"}],"wp:term":[{"taxonomy":"category","embeddable":true,"href":"https:\/\/www.kezdi.ro\/ro\/wp-json\/wp\/v2\/categories\/?post=35709"},{"taxonomy":"post_tag","embeddable":true,"href":"https:\/\/www.kezdi.ro\/ro\/wp-json\/wp\/v2\/tags\/?post=35709"}],"curies":[{"name":"wp","href":"https:\/\/api.w.org\/{rel}","templated":true}]}}