{"id":32952,"date":"2019-07-18T13:07:19","date_gmt":"2019-07-18T10:07:19","guid":{"rendered":"http:\/\/www.kezdi.ro\/?p=32952"},"modified":"2019-08-12T11:58:18","modified_gmt":"2019-08-12T08:58:18","slug":"ar-fi-mult-de-facut-in-oras","status":"publish","type":"post","link":"https:\/\/www.kezdi.ro\/ro\/stiri\/ar-fi-mult-de-facut-in-oras\/","title":{"rendered":"Ar fi mult de f\u0103cut \u00een ora\u0219"},"content":{"rendered":"<p>\u00cen strada Purczell din T\u00e2rgu Secuiesc au pus trotuar \u0219i au schimbat conducta de gaz. Imediat ce se termin\u0103 a\u0219ezarea trotuarului, strada aflat\u0103 \u00eentr-o stare extrem de proast\u0103 va fi \u0219i asfaltat\u0103.<\/p>\n<p>&nbsp;<\/p>\n<p>Se lucreaz\u0103 \u00een toi pe strada Purczell din T\u00e2rgu Secuiesc, unde va fi modernizat\u0103 \u00eentreaga zon\u0103 de locuit. Pe drumul care asigur\u0103 leg\u0103tura dintre str\u0103zile D\u00f3zsa Gy\u00f6rgy \u0219i P\u0103cii \u00eencepe modernizarea, cu at\u00e2t mai mult c\u0103 furnizorul de gaz a schimbat \u00een \u00eentregime conducta principal\u0103. Administra\u021bia realizeaz\u0103 lucr\u0103rile prin puteri proprii, pe o parte a drumului trotuarul va fi pavat cu pl\u0103ci de pi\u0219cot, apoi, conform \u00eenchipuirii, \u0219i pe cealalt\u0103 parte a drumului vor forma banda destinat\u0103 pietonilor. Materialele de construc\u021bie sunt la fa\u021ba locului, pe o parte a str\u0103zii, din partea str\u0103zii D\u00f3zsa Gy\u00f6rgy, au r\u0103mas \u00een urm\u0103 doar realizarea a c\u00e2torva metri, apoi trotuarul va fi f\u0103cut \u0219i pe cealalt\u0103 parte.<\/p>\n<p>&nbsp;<\/p>\n<p>\u00cendat\u0103 ce va fi efectuat\u0103 realizarea trotuarelor, urmeaz\u0103 reasfaltarea drumului. La apelul nostru la telefon viceprimarul Derzsi Gyula a relatat c\u0103, imediat ce va fi terminat\u0103 strada &nbsp;Purczell, brigada de lucru se va muta \u00een strada Kossuth, respectiv \u00een pia\u021ba mic\u0103 de acolo, pentru ca \u0219i acolo s\u0103 fie efectuate re\u00eennoiri. Dup\u0103 aceea vor urma str\u0103zile Abatorului \u0219i G\u0103rii, unde de asemenea s-ar dori terminarea moderniz\u0103rii. Primarul Bokor Tibor a completat: ar fi numeroase puncte de lucru,&nbsp; \u00eens\u0103 executorul a acceptat lucru \u0219i la \u021bar\u0103, se a\u0219teapt\u0103 s\u0103 se mute \u00eenapoi cu ma\u0219inile la T\u00e2rgu Secuiesc.<\/p>\n<p>&nbsp;<\/p>\n<p>Dup\u0103 trecerea iernii, re\u00eennoirea drumului a fost \u00eempiedicat\u0103 de vremea capricioas\u0103, c\u0103ci de atunci, imediat ce efectuarea lucr\u0103rilor cu p\u0103m\u00e2ntul a devenit posibil\u0103 aproape nu este zi \u00een care s\u0103 nu cad\u0103 precipita\u021bie. Munca prim\u0103riilor din Rom\u00e2nia a fost \u00eengreunat\u0103 de faptul c\u0103, din cauza m\u0103ririi salariului minim \u00een construc\u021bii, executorii nu vor s\u0103 lucreze conform angajamentelor din contractele \u00eencheiate anterior.<\/p>\n<p>&nbsp;<\/p>\n<p style=\"text-align: justify;\">Surs\u0103: Sz\u00e9kely H\u00edrmond\u00f3, Bartos L\u00f3r\u00e1nt<\/p>\n<p style=\"text-align: justify;\">&nbsp;<\/p>\n","protected":false},"excerpt":{"rendered":"<p>\u00cen strada Purczell din T\u00e2rgu Secuiesc au pus trotuar \u0219i au schimbat conducta de gaz. Imediat ce se termin\u0103 a\u0219ezarea trotuarului, strada aflat\u0103 \u00eentr-o stare extrem de proast\u0103 va fi \u0219i asfaltat\u0103.<\/p>\n","protected":false},"author":1,"featured_media":32841,"comment_status":"closed","ping_status":"open","sticky":false,"template":"","format":"standard","meta":{"ngg_post_thumbnail":0,"footnotes":""},"categories":[41,45],"tags":[],"class_list":["post-32952","post","type-post","status-publish","format-standard","has-post-thumbnail","hentry","category-stiri","category-viata-publica"],"_links":{"self":[{"href":"https:\/\/www.kezdi.ro\/ro\/wp-json\/wp\/v2\/posts\/32952\/"}],"collection":[{"href":"https:\/\/www.kezdi.ro\/ro\/wp-json\/wp\/v2\/posts\/"}],"about":[{"href":"https:\/\/www.kezdi.ro\/ro\/wp-json\/wp\/v2\/types\/post\/"}],"author":[{"embeddable":true,"href":"https:\/\/www.kezdi.ro\/ro\/wp-json\/wp\/v2\/users\/1\/"}],"replies":[{"embeddable":true,"href":"https:\/\/www.kezdi.ro\/ro\/wp-json\/wp\/v2\/comments\/?post=32952"}],"version-history":[{"count":1,"href":"https:\/\/www.kezdi.ro\/ro\/wp-json\/wp\/v2\/posts\/32952\/revisions\/"}],"predecessor-version":[{"id":32953,"href":"https:\/\/www.kezdi.ro\/ro\/wp-json\/wp\/v2\/posts\/32952\/revisions\/32953\/"}],"wp:featuredmedia":[{"embeddable":true,"href":"https:\/\/www.kezdi.ro\/ro\/wp-json\/wp\/v2\/media\/32841\/"}],"wp:attachment":[{"href":"https:\/\/www.kezdi.ro\/ro\/wp-json\/wp\/v2\/media\/?parent=32952"}],"wp:term":[{"taxonomy":"category","embeddable":true,"href":"https:\/\/www.kezdi.ro\/ro\/wp-json\/wp\/v2\/categories\/?post=32952"},{"taxonomy":"post_tag","embeddable":true,"href":"https:\/\/www.kezdi.ro\/ro\/wp-json\/wp\/v2\/tags\/?post=32952"}],"curies":[{"name":"wp","href":"https:\/\/api.w.org\/{rel}","templated":true}]}}