{"id":31452,"date":"2018-09-28T12:16:30","date_gmt":"2018-09-28T09:16:30","guid":{"rendered":"https:\/\/www.kezdi.ro\/?p=31452"},"modified":"2018-10-04T09:35:25","modified_gmt":"2018-10-04T06:35:25","slug":"se-reinnoieste-centrul-si-piata-de-legume","status":"publish","type":"post","link":"https:\/\/www.kezdi.ro\/ro\/stiri\/se-reinnoieste-centrul-si-piata-de-legume\/","title":{"rendered":"Se re\u00eennoie\u0219te centrul \u0219i pia\u021ba de legume"},"content":{"rendered":"<p>La \u0219edin\u021ba ordinar\u0103 din septembrie, Consiliul Local din T\u00e2rgu Secuiesc a aprobat mai multe puncte de pe ordinea de zi care vizeaz\u0103 dezvoltarea ora\u0219ului, \u00eembun\u0103t\u0103\u021birea imaginii sale totale. Printre cele optsprezece puncte au figurat modificarea bugetului, aprobarea regulamentelor de organizare \u0219i de func\u021bionare \u0219i modificarea taxelor de c\u0103l\u0103torie utilizate de c\u0103tre taximetri\u0219ti. Documenta\u021biile care a\u0219teapt\u0103 pentru votare prescriu reabilitarea str\u0103zii Bem J\u00f3zsef, a centrului ora\u0219ului \u0219i a pie\u021bei de legume.<\/p>\n<p>&nbsp;<\/p>\n<p>La prim moment al \u0219edin\u021bei de consiliu din septembrie a trebuit a fi ales un nou conduc\u0103tor de \u0219edin\u021be, dup\u0103 ce mandatul de trei luni al consilierului Szab\u00f3 Vincze \u00c1rp\u00e1d a expirat. Sarcina va fi \u00eendeplinit\u0103 timp de trei luni de c\u0103tre Dr. Kelemen Andr\u00e1s. \u021ain\u00e2ndu-se cont de faptul c\u0103 la \u0219edin\u021ba de consiliu au participat \u0219i reprezentan\u021bii firmei West Taxi, conduc\u0103torul de \u0219edin\u021b\u0103 a propus s\u0103 \u00eenceap\u0103 \u0219edin\u021ba cu acel punct de pe ordinea de zi. Proiectul de hot\u0103r\u00e2re a fost \u00eenaintat de c\u0103tre consilierul Kiss Levente Csaba, care a subliniat: tarifele stabilite \u00eenainte cu zece ani nu pot fi sus\u021binute, c\u0103ci de atunci au crescut pre\u021burile la toate, au fost m\u0103rite \u0219i salariile, astfel vechea taxare nu acoper\u0103 cheltuielile asocia\u021biilor de taxi. Taximetri\u0219tii au cerut ini\u021bial m\u0103rirea la 4.5 lei,&nbsp; corifeii ora\u0219ului au hot\u0103r\u00e2t un plafon de 3.5 lei, cu care reprezentan\u021bii asocia\u021biei de taxi au fost de acord. Taxa c\u0103l\u0103toriei cu taxiul din ianuarie 2019 ar cre\u0219te deocamdat\u0103 cu 20 de bani, m\u0103sura m\u0103ririi a fost hot\u0103r\u00e2t\u0103 pentru zece ani. Primarul Bokor Tibor s-a referit la faptul c\u0103 la prim\u0103rie au sosit mai multe pl\u00e2ngeri, potrivit c\u0103rora taximetri\u0219tii nu accept\u0103 transporturi mai scurte, \u0219i sunt avantaja\u021bi cei care c\u0103l\u0103toresc \u00een satele \u00eenconjur\u0103toare. Edilul a solicitat rezolvarea acestei probleme, altfel va fi nevoit s\u0103 dea aprobare pentru func\u021bionarea mai multor asocia\u021bii de taxi. Bene Szabolcs, proprietarul firmei West Taxi a argumentat cu faptul c\u0103 nici vehiculele sale nu func\u021bioneaz\u0103 cu capacitate maxim\u0103, c\u0103ci e din ce \u00een ce mai greu de g\u0103sit for\u021b\u0103 de munc\u0103. Edilul a subliniat c\u0103 majorarea votat\u0103 \u00eens\u0103 va rezolva \u0219i aceast\u0103 problem\u0103, c\u0103ci astfel pot fi m\u0103rite salariile. &nbsp;<\/p>\n<p>&nbsp;<\/p>\n<p>Legat de modificarea bugetului local, Bokor Tibor a relatat: T\u00e2rgu Secuiesc se afl\u0103 printre acele pu\u021bine localit\u0103\u021bi, de la care, la rectificarea bugetar\u0103 nu s-a luat, ci s-a dat, astfel bugetul ora\u0219ului a crescut cu 1,2 milioane de lei. Pentru investi\u021bii nu pot cheltui at\u00e2t, c\u00e2t ar dori, dar lucr\u0103rile planificate mai devreme continu\u0103 \u0219i pe mai departe \u0219i &#8211; printre altele &nbsp;&#8211;&nbsp; \u00een buget figureaz\u0103 ca nou\u0103 investi\u021bie planul de re\u00eennoire a bazinului de \u00eenot, a c\u0103rei valoare este 210.000 de lei (actualizarea proiectelor va fi gata \u00een prima parte a lunii noiembrie). Primarul a subliniat: aceast\u0103 investi\u021bie figureaz\u0103 deja pe lista Agen\u021biei de Dezvoltare, trebuie depus doar proiectul actualizat \u0219i s\u0103 spere, c\u0103 lucrarea s\u0103 demareze c\u00e2t mai cur\u00e2nd.<\/p>\n<p>&nbsp;<\/p>\n<p>P\u00e2n\u0103 la 8 octombrie pot fi predate noile proiecte pentru programul PNDL, aici \u00eencap transformarea total\u0103 a pie\u021bei de legume \u0219i construirea halei (plan 80.000 de lei, valoare total\u0103 3.290.000 de lei), aranjarea centrului (plan 100.000 de lei, valoare total\u0103 12.663.000 de lei), precum \u0219i modernizarea total\u0103 a celei de-a doua p\u0103r\u021bi a str\u0103zii Bem (repara\u021bia str\u0103zii, re\u00eennoirea ie\u0219irilor, \u0219an\u021burilor \u0219i a sistemului de ap\u0103 \u0219i de canalizare &#8211; plan 180.000 de lei, valoare total\u0103 12.251.000 de lei).<\/p>\n<p>&nbsp;<\/p>\n<p>Printre punctele de pe ordinea de zi a fost votat acel ordin al prim\u0103riei, care vizeaz\u0103 \u00eent\u0103rirea lui M\u00e9zesdomb. Bokor a informat, c\u0103 dup\u0103 ploile mari din iulie M\u00e9zesdomb a pornit la vale \u0219i deoarece rezolvarea problemei este arz\u0103toare, au fost ceru\u021bi bani de la guvernare. Guvernul a alocat 980.000 de lei, momentan exist\u0103 probleme cu proiectan\u021bii \u0219i cu constructorii, c\u0103ci nimeni nu accept\u0103 cu pl\u0103cere lucrarea.<\/p>\n<p>&nbsp;<\/p>\n<p>\u00cen urm\u0103toarele puncte a fost aprobat bilan\u021bul ora\u0219ului T\u00e2rgu Secuiesc pe al doilea trimestru, s-a votat despre v\u00e2nzarea materialului lemnos care provine din p\u0103durea ora\u0219ului, precum \u0219i despre pre\u021bul de valorificare, a fost aprobat regulamentul de organizare \u0219i de func\u021bionare dup\u0103 normele noilor legi \u0219i dispozi\u021bii al Consiliului Local \u0219i al Prim\u0103riei. Pe l\u00e2ng\u0103 asta, a fost modificat\u0103 hot\u0103r\u00e2rea de consiliu 2018\/44 referitor la structura&nbsp; organizatoric\u0103, care prescrie modificarea unui post. Acest lucru a fost necesar deoarece, pentru ca cre\u0219a s\u0103 poat\u0103 porni cu dou\u0103 grupe (pentru asta ar fi solicitare), e nevoie de o nou\u0103 d\u0103dac\u0103. &nbsp;A fost modificat \u0219i structura organizatoric\u0103 a Spitalului Municipal, ora\u0219ul ar avea nevoie de un endocrinolog, a subliniat Dr. Kelemen Andr\u00e1s, acum \u00eens\u0103 exist\u0103 \u0219ans\u0103, ar veni aici \u0219i doi medici, dar pentru asta a trebuit l\u0103rgit\u0103 structura organizatoric\u0103.<\/p>\n<p>&nbsp;<\/p>\n<p>Dup\u0103 asta primarul Bokor Tibor a cerut aprobare de principiu pentru un transfer de imobil. Ar schimba \u00eentr-o locuin\u021b\u0103 de bloc locuin\u021ba nelocuibil\u0103 a familiei cu cinci copii, care necesit\u0103 sprijin social, \u0219i care locuie\u0219te \u00een Curtea nr. 13. Bokor &nbsp;Tibor a subliniat: asta e doar o p\u0103rere, dac\u0103 corifeii sunt de acord, locuin\u021ba mai poate fi valorificat\u0103, \u0219i doar dup\u0103 asta poate fi efectuat schimbul, dac\u0103 vrea \u0219i familia.<\/p>\n<p>&nbsp;<\/p>\n<p>\u00cen final au mai figurat pe masa ale\u0219ilor patru puncte de pe ordinea de zi: au fost votate numirea reprezentan\u021bilor Consiliului Local \u00een consiliul de conducere al institu\u021biilor de \u00eenv\u0103\u021b\u0103m\u00e2nt, dosarul cadastral referitor la comasarea terenurilor din strada Arany J\u00e1nos, planul de urbanizare, respectiv au aprobat sanc\u021biunea&nbsp; disciplinar\u0103 de o lun\u0103 a consilierului Dr. Kelemen Andr\u00e1s.<\/p>\n","protected":false},"excerpt":{"rendered":"<p>La \u0219edin\u021ba ordinar\u0103 din septembrie, Consiliul Local din T\u00e2rgu Secuiesc a aprobat mai multe puncte de pe ordinea de zi care vizeaz\u0103 dezvoltarea ora\u0219ului, \u00eembun\u0103t\u0103\u021birea imaginii sale totale. Printre cele optsprezece puncte au figurat modificarea bugetului, aprobarea regulamentelor de organizare \u0219i de func\u021bionare \u0219i modificarea taxelor de c\u0103l\u0103torie utilizate de c\u0103tre taximetri\u0219ti. Documenta\u021biile care a\u0219teapt\u0103 pentru votare prescriu reabilitarea str\u0103zii Bem J\u00f3zsef, a centrului ora\u0219ului \u0219i a pie\u021bei de legume.<\/p>\n","protected":false},"author":1,"featured_media":31400,"comment_status":"closed","ping_status":"open","sticky":false,"template":"","format":"standard","meta":{"ngg_post_thumbnail":0,"footnotes":""},"categories":[41,45],"tags":[],"class_list":["post-31452","post","type-post","status-publish","format-standard","has-post-thumbnail","hentry","category-stiri","category-viata-publica"],"_links":{"self":[{"href":"https:\/\/www.kezdi.ro\/ro\/wp-json\/wp\/v2\/posts\/31452\/"}],"collection":[{"href":"https:\/\/www.kezdi.ro\/ro\/wp-json\/wp\/v2\/posts\/"}],"about":[{"href":"https:\/\/www.kezdi.ro\/ro\/wp-json\/wp\/v2\/types\/post\/"}],"author":[{"embeddable":true,"href":"https:\/\/www.kezdi.ro\/ro\/wp-json\/wp\/v2\/users\/1\/"}],"replies":[{"embeddable":true,"href":"https:\/\/www.kezdi.ro\/ro\/wp-json\/wp\/v2\/comments\/?post=31452"}],"version-history":[{"count":1,"href":"https:\/\/www.kezdi.ro\/ro\/wp-json\/wp\/v2\/posts\/31452\/revisions\/"}],"predecessor-version":[{"id":31453,"href":"https:\/\/www.kezdi.ro\/ro\/wp-json\/wp\/v2\/posts\/31452\/revisions\/31453\/"}],"wp:featuredmedia":[{"embeddable":true,"href":"https:\/\/www.kezdi.ro\/ro\/wp-json\/wp\/v2\/media\/31400\/"}],"wp:attachment":[{"href":"https:\/\/www.kezdi.ro\/ro\/wp-json\/wp\/v2\/media\/?parent=31452"}],"wp:term":[{"taxonomy":"category","embeddable":true,"href":"https:\/\/www.kezdi.ro\/ro\/wp-json\/wp\/v2\/categories\/?post=31452"},{"taxonomy":"post_tag","embeddable":true,"href":"https:\/\/www.kezdi.ro\/ro\/wp-json\/wp\/v2\/tags\/?post=31452"}],"curies":[{"name":"wp","href":"https:\/\/api.w.org\/{rel}","templated":true}]}}